{"id":999,"date":"2022-12-08T01:54:13","date_gmt":"2022-12-08T07:54:13","guid":{"rendered":"https:\/\/libre.mx\/?p=999"},"modified":"2025-09-08T15:07:18","modified_gmt":"2025-09-08T21:07:18","slug":"produciendo-talent-land","status":"publish","type":"post","link":"https:\/\/libre.mx\/index.php\/2022\/12\/08\/produciendo-talent-land\/","title":{"rendered":"Talent Network"},"content":{"rendered":"<p>Desde sus inicios, el evento anual Jalisco Talent Land\u00a0 ha sido el congreso de tecnolog\u00eda y reuni\u00f3n de talentos m\u00e1s grande de M\u00e9xico.<\/p>\n<p>Tuve la fortuna de participar en el corporativo que organiza dichos eventos, de 2018 hasta 2022, como Director de Producci\u00f3n, es decir, el responsable de todo lo que el evento requiere para su correcto funcionamiento, adem\u00e1s de ser el Director de Streaming de todas las marcas dentro de la empresa.<\/p>\n<p>Para los que no han asistido, Talent Land es un evento de 5 d\u00edas, abierto las 24 horas, donde participan 45 mil talentos, en un espacio de 100 mil metros cuadrados dentro del recinto Expo Guadalajara.<\/p>\n<p>Algunas de mis funciones realizadas de manera directa y como supervisor para estos eventos:<\/p>\n<ul>\n<li>Proyecci\u00f3n del concepto general del evento y basado en objetivos.<\/li>\n<li>Negociaci\u00f3n y coordinaci\u00f3n con el recinto (Expo Guadalajara).<\/li>\n<li>Organizaci\u00f3n general de las secciones o &#8220;tierras&#8221; del evento.<\/li>\n<li>Construcci\u00f3n y dise\u00f1o de los planos generales en AutoCad de la plantilla del evento y todas sus instalaciones, con codificaci\u00f3n de espacios y stands comerciales.<\/li>\n<li>Dise\u00f1o de Escenario Principal, de hasta 40 metros de largo y aforo para 1500 asistentes.<\/li>\n<li>Dise\u00f1o de escenarios secundarios y talleres de contenidos (hasta 24 espacios).<\/li>\n<li>Dise\u00f1o de pabellones y stands del Comit\u00e9 Organizador.<\/li>\n<li>Dise\u00f1o de camping dentro del evento, con 12 mil casas de campa\u00f1a, zonas de regaderas, alimentos, servicios especiales y protocolos definidos para la zona.<\/li>\n<li>Redacci\u00f3n del Manual del Expositor.<\/li>\n<li>Planeaci\u00f3n y c\u00e1lculo de flujos y tr\u00e1fico de asistentes, incluyendo las zonas de registro.<\/li>\n<li>Planeaci\u00f3n y redacci\u00f3n del protocolo de seguridad, sus elementos de apoyo, sus posiciones, horarios y limitaci\u00f3n de funciones.<\/li>\n<li>Planeaci\u00f3n y redacci\u00f3n del protocolo de higiene y servicios m\u00e9dicos.<\/li>\n<li>Redacci\u00f3n de la carpeta de Programa Interno de Protecci\u00f3n Civil.<\/li>\n<li>Gesti\u00f3n general de permisos de gobierno.<\/li>\n<li>B\u00fasqueda, selecci\u00f3n, negociaci\u00f3n y seguimiento de proveedores totales del evento.<\/li>\n<li>Revisi\u00f3n, supervisi\u00f3n y autorizaci\u00f3n de los stands comerciales de exposici\u00f3n de marcas y aliados.<\/li>\n<li>Apoyo en las necesidades de la agenda de contenidos y peticiones de conferencistas.<\/li>\n<li>Planeaci\u00f3n del sembrado de mobiliario y equipo general.<\/li>\n<li>Planeaci\u00f3n y apoyo en el sembrado de carteler\u00eda y decorados generales de la identidad del evento.<\/li>\n<li>Apoyo general de comunicaci\u00f3n y medios, incluyendo ruedas de prensa, salas de medios, salones para meet &amp; greet y espacios de producci\u00f3n audiovisual.<\/li>\n<li>Apoyo en la planeaci\u00f3n y planos de tendido general de redes y tecnolog\u00edas de informaci\u00f3n.<\/li>\n<li>Planeaci\u00f3n, control y dise\u00f1o general del streaming de todos los escenarios y talleres del evento.<\/li>\n<\/ul>\n<p>Son solo algunas de las funciones a mi cargo como Productor, para lograr un evento tan grande y tan complejo como este.<\/p>\n<p>Adem\u00e1s de Jalisco Talent Land, produje todos los eventos menores y giras de las marcas Talent City, Talent Hackathon, Talent Woman, Talent Nights, Talent Education, el podcast de Talent Republic y los inicios de proyecto Talent Academy.<\/p>\n\n\n<figure class=\"wp-block-embed is-type-video is-provider-youtube wp-block-embed-youtube wp-embed-aspect-16-9 wp-has-aspect-ratio\"><div class=\"wp-block-embed__wrapper\">\n<iframe loading=\"lazy\" title=\"Gracias Jalisco Talent Land 2022\" width=\"1290\" height=\"726\" src=\"https:\/\/www.youtube.com\/embed\/QtWV2hzzay8?feature=oembed\" frameborder=\"0\" allow=\"accelerometer; autoplay; clipboard-write; encrypted-media; gyroscope; picture-in-picture\" allowfullscreen><\/iframe>\n<\/div><\/figure>\n\n\n\n<figure class=\"wp-block-embed is-type-video is-provider-youtube wp-block-embed-youtube wp-embed-aspect-16-9 wp-has-aspect-ratio\"><div class=\"wp-block-embed__wrapper\">\n<iframe loading=\"lazy\" title=\"\u00a1Esto es Jalisco Talent Land! Juntos cambiamos al mundo con talento\" width=\"1290\" height=\"726\" src=\"https:\/\/www.youtube.com\/embed\/6bF8nk_SeNc?feature=oembed\" frameborder=\"0\" allow=\"accelerometer; autoplay; clipboard-write; encrypted-media; gyroscope; picture-in-picture\" allowfullscreen><\/iframe>\n<\/div><\/figure>\n\n\n\n<figure class=\"wp-block-embed is-type-video is-provider-youtube wp-block-embed-youtube wp-embed-aspect-16-9 wp-has-aspect-ratio\"><div class=\"wp-block-embed__wrapper\">\n<iframe loading=\"lazy\" title=\"Jalisco Talent Land 2022 fue un \u00e9xito. \u00a1Gracias por acompa\u00f1arnos! - SICyT\" width=\"1290\" height=\"726\" src=\"https:\/\/www.youtube.com\/embed\/HIy1dMP1Wq8?feature=oembed\" frameborder=\"0\" allow=\"accelerometer; autoplay; clipboard-write; encrypted-media; gyroscope; picture-in-picture\" allowfullscreen><\/iframe>\n<\/div><\/figure>\n\n\n<p>Estoy preparado para esta clase de retos de alta calidad y de clase mundial. Platiquemos sobre tu evento.<\/p>\n<p><em>&#8212; Francisco Echauri<\/em><\/p>","protected":false},"excerpt":{"rendered":"<p>Desde sus inicios, el evento anual Jalisco Talent Land\u00a0 ha sido el congreso de tecnolog\u00eda y reuni\u00f3n de talentos m\u00e1s grande de M\u00e9xico. Tuve la fortuna de participar en el corporativo que organiza dichos eventos, de 2018 hasta 2022, como Director de Producci\u00f3n, es decir, el responsable de todo lo que el evento requiere para [&hellip;]<\/p>\n","protected":false},"author":1,"featured_media":223,"comment_status":"open","ping_status":"open","sticky":false,"template":"","format":"standard","meta":{"_joinchat":[],"footnotes":""},"categories":[26],"tags":[],"class_list":["post-999","post","type-post","status-publish","format-standard","has-post-thumbnail","hentry","category-eventos"],"blocksy_meta":{"styles_descriptor":{"styles":{"desktop":"","tablet":"","mobile":""},"google_fonts":[],"version":6}},"_links":{"self":[{"href":"https:\/\/libre.mx\/index.php\/wp-json\/wp\/v2\/posts\/999","targetHints":{"allow":["GET"]}}],"collection":[{"href":"https:\/\/libre.mx\/index.php\/wp-json\/wp\/v2\/posts"}],"about":[{"href":"https:\/\/libre.mx\/index.php\/wp-json\/wp\/v2\/types\/post"}],"author":[{"embeddable":true,"href":"https:\/\/libre.mx\/index.php\/wp-json\/wp\/v2\/users\/1"}],"replies":[{"embeddable":true,"href":"https:\/\/libre.mx\/index.php\/wp-json\/wp\/v2\/comments?post=999"}],"version-history":[{"count":6,"href":"https:\/\/libre.mx\/index.php\/wp-json\/wp\/v2\/posts\/999\/revisions"}],"predecessor-version":[{"id":1184,"href":"https:\/\/libre.mx\/index.php\/wp-json\/wp\/v2\/posts\/999\/revisions\/1184"}],"wp:featuredmedia":[{"embeddable":true,"href":"https:\/\/libre.mx\/index.php\/wp-json\/wp\/v2\/media\/223"}],"wp:attachment":[{"href":"https:\/\/libre.mx\/index.php\/wp-json\/wp\/v2\/media?parent=999"}],"wp:term":[{"taxonomy":"category","embeddable":true,"href":"https:\/\/libre.mx\/index.php\/wp-json\/wp\/v2\/categories?post=999"},{"taxonomy":"post_tag","embeddable":true,"href":"https:\/\/libre.mx\/index.php\/wp-json\/wp\/v2\/tags?post=999"}],"curies":[{"name":"wp","href":"https:\/\/api.w.org\/{rel}","templated":true}]}}